{"id":2800,"date":"2021-02-08T14:58:16","date_gmt":"2021-02-08T11:58:16","guid":{"rendered":"https:\/\/aydinaydin.net\/?p=2800"},"modified":"2021-02-08T14:58:16","modified_gmt":"2021-02-08T11:58:16","slug":"uzaktan-calismada-is-sagligi-ve-guvenligi-hk","status":"publish","type":"post","link":"https:\/\/aydinaydin.net\/uzaktan-calismada-is-sagligi-ve-guvenligi-hk\/","title":{"rendered":"Uzaktan \u00e7al\u0131\u015fmada i\u015f sa\u011fl\u0131\u011f\u0131 ve g\u00fcvenli\u011fi Hk."},"content":{"rendered":"<p>[vc_row][vc_column][vc_column_text]Bilindi\u011fi gibi Koronavir\u00fcs(COVID-19) Pandemisinin \u00e7al\u0131\u015fma hayat\u0131na en b\u00fcy\u00fck etkilerinden biri uzaktan \u00e7al\u0131\u015fma modelini benimseyen i\u015fletmelerin say\u0131s\u0131ndaki art\u0131\u015f olmu\u015f, bu yolla salg\u0131n\u0131n i\u015fyeri ve \u00e7al\u0131\u015fan sa\u011fl\u0131\u011f\u0131 a\u00e7\u0131s\u0131ndan olu\u015fturdu\u011fu riski y\u00f6netmek, i\u015fyerinde hastal\u0131\u011f\u0131n g\u00f6r\u00fclme ve yay\u0131l\u0131m\u0131n\u0131 kontrol alt\u0131nda tutmak, i\u015f s\u00fcreklili\u011fini sa\u011flamak nispeten m\u00fcmk\u00fcn hale gelmi\u015ftir. Bu atipik s\u00fcre\u00e7te edinilen olumlu deneyimler, gerek zaman ve gerekse i\u015fletme giderlerine ili\u015fkin sa\u011flanan tasarruf gibi etkenler, i\u015fletmeleri uzaktan \u00e7al\u0131\u015fma modelinin pandemi sonras\u0131nda da kal\u0131c\u0131la\u015ft\u0131r\u0131lmas\u0131 hususunu de\u011ferlendirmeye itmi\u015ftir.<\/p>\n<p>Ne var ki \u00e7al\u0131\u015fanlar\u0131n b\u00fcy\u00fck \u00f6l\u00e7\u00fcde i\u015fverenli\u011fin denetim ve egemenlik alan\u0131 d\u0131\u015f\u0131nda g\u00f6revlerini s\u00fcrd\u00fcrmekte oldu\u011fu bu modelde i\u015f sa\u011fl\u0131\u011f\u0131 ve g\u00fcvenli\u011fine dair h\u00fck\u00fcmlerin ne \u015fekilde uygulanaca\u011f\u0131 ve i\u015fveren y\u00fck\u00fcml\u00fcl\u00fcklerinin s\u0131n\u0131rlar\u0131n\u0131n de\u011ferlendirilmesi de \u00f6nem kazanmaktad\u0131r. Bu konuda tanzim olunan bilgi notumuzu ekte bilgilerinize sunar\u0131z.<\/p>\n<p><a href=\"http:\/\/aydinaydin.net\/sosyalmedya\/B%C4%B0LG%C4%B0%20NOTU%20Uzaktan%20%C3%87al%C4%B1%C5%9Fmada%20%C4%B0%C5%9F%20Sa%C4%9Fl%C4%B1%C4%9F%C4%B1%20ve%20G%C3%BCvenli%C4%9Fi.pdf\">\u0130lgili d\u00f6k\u00fcmana ula\u015fmak i\u00e7in t\u0131klay\u0131n\u0131z..<\/a>[\/vc_column_text][\/vc_column][\/vc_row]<\/p>\n","protected":false},"excerpt":{"rendered":"<p>[vc_row][vc_column][vc_column_text]Bilindi\u011fi gibi Koronavir\u00fcs(COVID-19) Pandemisinin \u00e7al\u0131\u015fma hayat\u0131na en b\u00fcy\u00fck etkilerinden biri uzaktan \u00e7al\u0131\u015fma modelini benimseyen i\u015fletmelerin say\u0131s\u0131ndaki art\u0131\u015f olmu\u015f, bu yolla salg\u0131n\u0131n i\u015fyeri ve \u00e7al\u0131\u015fan sa\u011fl\u0131\u011f\u0131 a\u00e7\u0131s\u0131ndan olu\u015fturdu\u011fu riski y\u00f6netmek, i\u015fyerinde hastal\u0131\u011f\u0131n g\u00f6r\u00fclme ve yay\u0131l\u0131m\u0131n\u0131 kontrol alt\u0131nda tutmak, i\u015f&#8230;<\/p>\n","protected":false},"author":2,"featured_media":0,"comment_status":"closed","ping_status":"closed","sticky":false,"template":"","format":"standard","meta":[],"categories":[1],"tags":[],"_links":{"self":[{"href":"https:\/\/aydinaydin.net\/api\/wp\/v2\/posts\/2800"}],"collection":[{"href":"https:\/\/aydinaydin.net\/api\/wp\/v2\/posts"}],"about":[{"href":"https:\/\/aydinaydin.net\/api\/wp\/v2\/types\/post"}],"author":[{"embeddable":true,"href":"https:\/\/aydinaydin.net\/api\/wp\/v2\/users\/2"}],"replies":[{"embeddable":true,"href":"https:\/\/aydinaydin.net\/api\/wp\/v2\/comments?post=2800"}],"version-history":[{"count":1,"href":"https:\/\/aydinaydin.net\/api\/wp\/v2\/posts\/2800\/revisions"}],"predecessor-version":[{"id":2801,"href":"https:\/\/aydinaydin.net\/api\/wp\/v2\/posts\/2800\/revisions\/2801"}],"wp:attachment":[{"href":"https:\/\/aydinaydin.net\/api\/wp\/v2\/media?parent=2800"}],"wp:term":[{"taxonomy":"category","embeddable":true,"href":"https:\/\/aydinaydin.net\/api\/wp\/v2\/categories?post=2800"},{"taxonomy":"post_tag","embeddable":true,"href":"https:\/\/aydinaydin.net\/api\/wp\/v2\/tags?post=2800"}],"curies":[{"name":"wp","href":"https:\/\/api.w.org\/{rel}","templated":true}]}}