{"id":2875,"date":"2021-06-02T16:20:21","date_gmt":"2021-06-02T13:20:21","guid":{"rendered":"https:\/\/aydinaydin.net\/?p=2875"},"modified":"2021-06-02T16:20:21","modified_gmt":"2021-06-02T13:20:21","slug":"2020-124-sayili-kurul-karari-ile-veri-sorumlusu-bunyesindeki-calisanin-ilgili-kisiye","status":"publish","type":"post","link":"https:\/\/aydinaydin.net\/2020-124-sayili-kurul-karari-ile-veri-sorumlusu-bunyesindeki-calisanin-ilgili-kisiye\/","title":{"rendered":"2020\/124 say\u0131l\u0131 Kurul Karar\u0131 ile \u201cVeri sorumlusu b\u00fcnyesindeki \u00e7al\u0131\u015fan\u0131n, ilgili ki\u015fiye&#8230;"},"content":{"rendered":"<p>[vc_row][vc_column][vc_column_text]Bilindi\u011fi gibi Ki\u015fisel Verileri Koruma Kurumu resmi internet sitesinde aral\u0131klarla ge\u00e7mi\u015f tarihli Kurul karar \u00f6zetlerini yay\u0131mlamaktad\u0131r. Bu kapsam\u0131nda yay\u0131nlanan 2020\/124 say\u0131l\u0131 Kurul Karar\u0131 ile \u201cVeri sorumlusu b\u00fcnyesindeki \u00e7al\u0131\u015fan\u0131n, ilgili ki\u015fiye ait ki\u015fisel verileri 6698 say\u0131l\u0131 Ki\u015fisel Verilerin Korunmas\u0131 Kanununa ayk\u0131r\u0131 \u015fekilde \u015firket kay\u0131tlar\u0131ndan elde etmesi ve ya\u015fanan bu ihlale dair i\u015fverenli\u011fin sorumlulu\u011fu\u201d hususu inceleme konusu edilmi\u015ftir.<\/p>\n<p>Karara dair bilgi notumuzu <a href=\"http:\/\/aydinaydin.net\/sosyalmedya\/B%C4%B0LG%C4%B0%20NOTU%20-%20Ki%C5%9Fisel%20Verileri%20Koruma%20Kurulu%20Karar%C4%B1n%C4%B1n%20%C4%B0ncelenmesi%20(Veri%20Sorumlusu%20%C5%9Eirket%20%C3%87al%C4%B1%C5%9Fan%C4%B1n%C4%B1n%20Hukuka%20Ayk%C4%B1r%C4%B1%20Veri%20%C4%B0%C5%9Flemesi-%20Veri%20G%C3%BCvenli%C4%9Fini%20%C4%B0hlal).pdf\">buradan<\/a> indirebilirsiniz.[\/vc_column_text][\/vc_column][\/vc_row]<\/p>\n","protected":false},"excerpt":{"rendered":"<p>[vc_row][vc_column][vc_column_text]Bilindi\u011fi gibi Ki\u015fisel Verileri Koruma Kurumu resmi internet sitesinde aral\u0131klarla ge\u00e7mi\u015f tarihli Kurul karar \u00f6zetlerini yay\u0131mlamaktad\u0131r. Bu kapsam\u0131nda yay\u0131nlanan 2020\/124 say\u0131l\u0131 Kurul Karar\u0131 ile \u201cVeri sorumlusu b\u00fcnyesindeki \u00e7al\u0131\u015fan\u0131n, ilgili ki\u015fiye ait ki\u015fisel verileri 6698 say\u0131l\u0131 Ki\u015fisel Verilerin Korunmas\u0131&#8230;<\/p>\n","protected":false},"author":2,"featured_media":0,"comment_status":"closed","ping_status":"closed","sticky":false,"template":"","format":"standard","meta":[],"categories":[1],"tags":[],"_links":{"self":[{"href":"https:\/\/aydinaydin.net\/api\/wp\/v2\/posts\/2875"}],"collection":[{"href":"https:\/\/aydinaydin.net\/api\/wp\/v2\/posts"}],"about":[{"href":"https:\/\/aydinaydin.net\/api\/wp\/v2\/types\/post"}],"author":[{"embeddable":true,"href":"https:\/\/aydinaydin.net\/api\/wp\/v2\/users\/2"}],"replies":[{"embeddable":true,"href":"https:\/\/aydinaydin.net\/api\/wp\/v2\/comments?post=2875"}],"version-history":[{"count":1,"href":"https:\/\/aydinaydin.net\/api\/wp\/v2\/posts\/2875\/revisions"}],"predecessor-version":[{"id":2876,"href":"https:\/\/aydinaydin.net\/api\/wp\/v2\/posts\/2875\/revisions\/2876"}],"wp:attachment":[{"href":"https:\/\/aydinaydin.net\/api\/wp\/v2\/media?parent=2875"}],"wp:term":[{"taxonomy":"category","embeddable":true,"href":"https:\/\/aydinaydin.net\/api\/wp\/v2\/categories?post=2875"},{"taxonomy":"post_tag","embeddable":true,"href":"https:\/\/aydinaydin.net\/api\/wp\/v2\/tags?post=2875"}],"curies":[{"name":"wp","href":"https:\/\/api.w.org\/{rel}","templated":true}]}}