{"id":2908,"date":"2021-09-01T15:35:58","date_gmt":"2021-09-01T12:35:58","guid":{"rendered":"https:\/\/aydinaydin.net\/?p=2908"},"modified":"2021-09-01T15:35:58","modified_gmt":"2021-09-01T12:35:58","slug":"2020-763-sayili-kurul-karari-ile","status":"publish","type":"post","link":"https:\/\/aydinaydin.net\/2020-763-sayili-kurul-karari-ile\/","title":{"rendered":"2020\/763 say\u0131l\u0131 Kurul Karar\u0131 ile&#8230;"},"content":{"rendered":"<p>[vc_row][vc_column][vc_column_text]Bilindi\u011fi gibi Ki\u015fisel Verileri Koruma Kurumu, resmi internet sitesinde aral\u0131klarla ge\u00e7mi\u015f tarihli Kurul karar\u0131 \u00f6zetlerini yay\u0131mlamaktad\u0131r. Bu kapsamda yay\u0131nlanan 2020\/763 say\u0131l\u0131 Kurul Karar\u0131 ile \u201cVeri sorumlusu \u00e7al\u0131\u015fan\u0131n\u0131n toplu e-posta g\u00f6nderimi s\u0131ras\u0131nda konu k\u0131sm\u0131na hataen m\u00fc\u015fterilere ait e-posta adreslerini eklemesi \u015feklinde meydana gelen veri ihlaline dair veri sorumlusunun idari sorumlulu\u011fu\u201d hususu inceleme konusu edilmi\u015ftir.<\/p>\n<p>Karara dair haz\u0131rlanan bilgi notumuza <a href=\"https:\/\/aydinaydin.net\/sosyalmedya\/B%C4%B0LG%C4%B0%20NOTU%20-%20Ki%C5%9Fisel%20Verileri%20Koruma%20Kurulu%20Karar%C4%B1%20(%C4%B0nternetten%20market%20al%C4%B1%C5%9Fveri%C5%9F%20hizmeti%20veren%20veri%20sorumlusunun%20veri%20ihlal%20bildirimi%20hakk%C4%B1nda).pdf\">buradan<\/a> ula\u015fabilirsiniz.[\/vc_column_text][\/vc_column][\/vc_row]<\/p>\n","protected":false},"excerpt":{"rendered":"<p>[vc_row][vc_column][vc_column_text]Bilindi\u011fi gibi Ki\u015fisel Verileri Koruma Kurumu, resmi internet sitesinde aral\u0131klarla ge\u00e7mi\u015f tarihli Kurul karar\u0131 \u00f6zetlerini yay\u0131mlamaktad\u0131r. Bu kapsamda yay\u0131nlanan 2020\/763 say\u0131l\u0131 Kurul Karar\u0131 ile \u201cVeri sorumlusu \u00e7al\u0131\u015fan\u0131n\u0131n toplu e-posta g\u00f6nderimi s\u0131ras\u0131nda konu k\u0131sm\u0131na hataen m\u00fc\u015fterilere ait e-posta adreslerini&#8230;<\/p>\n","protected":false},"author":2,"featured_media":0,"comment_status":"closed","ping_status":"closed","sticky":false,"template":"","format":"standard","meta":[],"categories":[1],"tags":[],"_links":{"self":[{"href":"https:\/\/aydinaydin.net\/api\/wp\/v2\/posts\/2908"}],"collection":[{"href":"https:\/\/aydinaydin.net\/api\/wp\/v2\/posts"}],"about":[{"href":"https:\/\/aydinaydin.net\/api\/wp\/v2\/types\/post"}],"author":[{"embeddable":true,"href":"https:\/\/aydinaydin.net\/api\/wp\/v2\/users\/2"}],"replies":[{"embeddable":true,"href":"https:\/\/aydinaydin.net\/api\/wp\/v2\/comments?post=2908"}],"version-history":[{"count":1,"href":"https:\/\/aydinaydin.net\/api\/wp\/v2\/posts\/2908\/revisions"}],"predecessor-version":[{"id":2909,"href":"https:\/\/aydinaydin.net\/api\/wp\/v2\/posts\/2908\/revisions\/2909"}],"wp:attachment":[{"href":"https:\/\/aydinaydin.net\/api\/wp\/v2\/media?parent=2908"}],"wp:term":[{"taxonomy":"category","embeddable":true,"href":"https:\/\/aydinaydin.net\/api\/wp\/v2\/categories?post=2908"},{"taxonomy":"post_tag","embeddable":true,"href":"https:\/\/aydinaydin.net\/api\/wp\/v2\/tags?post=2908"}],"curies":[{"name":"wp","href":"https:\/\/api.w.org\/{rel}","templated":true}]}}