{"id":2910,"date":"2021-09-06T10:45:02","date_gmt":"2021-09-06T07:45:02","guid":{"rendered":"https:\/\/aydinaydin.net\/?p=2910"},"modified":"2021-09-06T10:45:02","modified_gmt":"2021-09-06T07:45:02","slug":"covid-19-asisi-olmayan-iscilerden-06-09-2021-tarihi-itibariyle-zorunlu-olarak","status":"publish","type":"post","link":"https:\/\/aydinaydin.net\/covid-19-asisi-olmayan-iscilerden-06-09-2021-tarihi-itibariyle-zorunlu-olarak\/","title":{"rendered":"Covid-19 a\u015f\u0131s\u0131 olmayan i\u015f\u00e7ilerden 06.09.2021 tarihi itibariyle zorunlu olarak.."},"content":{"rendered":"<p>[vc_row][vc_column][vc_column_text]\u00c7al\u0131\u015fma ve Sosyal G\u00fcvenlik Bakanl\u0131\u011f\u0131 03.09.2021 tarihinde 81 \u0130l Valili\u011fi\u2019ne g\u00f6nderdi\u011fi Genel Yaz\u0131 ile;<br \/>\nCovid-19 a\u015f\u0131s\u0131 tamamlanmam\u0131\u015f i\u015f\u00e7ilerin, i\u015fyerlerinde kar\u015f\u0131la\u015fabilecekleri risk ve tedbirlere dair yaz\u0131l\u0131 \u015fekilde bilgilendirilmeleri,<br \/>\nBu bilgilendirme sonras\u0131nda a\u015f\u0131 olmayan i\u015f\u00e7ilere kesin Covid-19 tan\u0131s\u0131 konmas\u0131 durumunun i\u015f ve sosyal g\u00fcvenlik mevzuat\u0131 a\u00e7\u0131s\u0131ndan olas\u0131 sonu\u00e7lar\u0131n\u0131n ayr\u0131ca bildirilmesi,<br \/>\nCovid-19 a\u015f\u0131s\u0131 olmayan i\u015f\u00e7ilerden 06.09.2021 tarihi itibariyle zorunlu olarak haftada bir kez PCR testi yapt\u0131rmalar\u0131n\u0131n istenebilece\u011fi, test sonu\u00e7lar\u0131n\u0131n gerekli i\u015flemler yap\u0131lmak \u00fczere kay\u0131t alt\u0131nda tutulaca\u011f\u0131<br \/>\nBildirilmi\u015ftir.<\/p>\n<p>Konuya ili\u015fkin haz\u0131rlanan bilgi notumuza <a href=\"https:\/\/aydinaydin.net\/sosyalmedya\/B%C4%B0LG%C4%B0%20NOTU%20-%20%C3%87al%C4%B1%C5%9Fanlardan%20%C4%B0stenecek%20PCR%20Testi.pdf\">buradan<\/a> ula\u015fabilirsiniz.[\/vc_column_text][\/vc_column][\/vc_row]<\/p>\n","protected":false},"excerpt":{"rendered":"<p>[vc_row][vc_column][vc_column_text]\u00c7al\u0131\u015fma ve Sosyal G\u00fcvenlik Bakanl\u0131\u011f\u0131 03.09.2021 tarihinde 81 \u0130l Valili\u011fi\u2019ne g\u00f6nderdi\u011fi Genel Yaz\u0131 ile; Covid-19 a\u015f\u0131s\u0131 tamamlanmam\u0131\u015f i\u015f\u00e7ilerin, i\u015fyerlerinde kar\u015f\u0131la\u015fabilecekleri risk ve tedbirlere dair yaz\u0131l\u0131 \u015fekilde bilgilendirilmeleri, Bu bilgilendirme sonras\u0131nda a\u015f\u0131 olmayan i\u015f\u00e7ilere kesin Covid-19 tan\u0131s\u0131 konmas\u0131 durumunun&#8230;<\/p>\n","protected":false},"author":2,"featured_media":0,"comment_status":"closed","ping_status":"closed","sticky":false,"template":"","format":"standard","meta":[],"categories":[1],"tags":[],"_links":{"self":[{"href":"https:\/\/aydinaydin.net\/api\/wp\/v2\/posts\/2910"}],"collection":[{"href":"https:\/\/aydinaydin.net\/api\/wp\/v2\/posts"}],"about":[{"href":"https:\/\/aydinaydin.net\/api\/wp\/v2\/types\/post"}],"author":[{"embeddable":true,"href":"https:\/\/aydinaydin.net\/api\/wp\/v2\/users\/2"}],"replies":[{"embeddable":true,"href":"https:\/\/aydinaydin.net\/api\/wp\/v2\/comments?post=2910"}],"version-history":[{"count":1,"href":"https:\/\/aydinaydin.net\/api\/wp\/v2\/posts\/2910\/revisions"}],"predecessor-version":[{"id":2911,"href":"https:\/\/aydinaydin.net\/api\/wp\/v2\/posts\/2910\/revisions\/2911"}],"wp:attachment":[{"href":"https:\/\/aydinaydin.net\/api\/wp\/v2\/media?parent=2910"}],"wp:term":[{"taxonomy":"category","embeddable":true,"href":"https:\/\/aydinaydin.net\/api\/wp\/v2\/categories?post=2910"},{"taxonomy":"post_tag","embeddable":true,"href":"https:\/\/aydinaydin.net\/api\/wp\/v2\/tags?post=2910"}],"curies":[{"name":"wp","href":"https:\/\/api.w.org\/{rel}","templated":true}]}}