{"id":2915,"date":"2021-10-04T12:27:32","date_gmt":"2021-10-04T09:27:32","guid":{"rendered":"https:\/\/aydinaydin.net\/?p=2915"},"modified":"2021-10-04T12:27:32","modified_gmt":"2021-10-04T09:27:32","slug":"isyerlerinde-acil-durumlar-hakkinda-yonetmelikte-degisiklik-yapilmasina-dair","status":"publish","type":"post","link":"https:\/\/aydinaydin.net\/isyerlerinde-acil-durumlar-hakkinda-yonetmelikte-degisiklik-yapilmasina-dair\/","title":{"rendered":"\u0130\u015fyerlerinde Acil Durumlar Hakk\u0131nda Y\u00f6netmelikte De\u011fi\u015fiklik Yap\u0131lmas\u0131na Dair&#8230;"},"content":{"rendered":"<p>[vc_row][vc_column][vc_column_text]\u0130\u015fyerlerinde Acil Durumlar Hakk\u0131nda Y\u00f6netmelikte De\u011fi\u015fiklik Yap\u0131lmas\u0131na Dair Y\u00f6netmelik, 01.10.2021 tarih ve 31615 say\u0131l\u0131 Resmi Gazete\u2019de yay\u0131mlanm\u0131\u015f ve ayn\u0131 tarihte y\u00fcr\u00fcrl\u00fc\u011fe girmi\u015ftir. Y\u00f6netmeli\u011fin dikkat \u00e7eken d\u00fczenlemelerine dair haz\u0131rlanan bilgi notumuza <a href=\"https:\/\/aydinaydin.net\/sosyalmedya\/B%C4%B0LG%C4%B0%20NOTU%20-%20%C4%B0%C5%9Fyerlerinde%20Acil%20Durumlar%20Hakk%C4%B1nda%20Y%C3%B6netmelikte%20De%C4%9Fi%C5%9Fiklik%20Hk..pdf\">buradan<\/a> ula\u015fabilirsiniz.[\/vc_column_text][\/vc_column][\/vc_row]<\/p>\n","protected":false},"excerpt":{"rendered":"<p>[vc_row][vc_column][vc_column_text]\u0130\u015fyerlerinde Acil Durumlar Hakk\u0131nda Y\u00f6netmelikte De\u011fi\u015fiklik Yap\u0131lmas\u0131na Dair Y\u00f6netmelik, 01.10.2021 tarih ve 31615 say\u0131l\u0131 Resmi Gazete\u2019de yay\u0131mlanm\u0131\u015f ve ayn\u0131 tarihte y\u00fcr\u00fcrl\u00fc\u011fe girmi\u015ftir. Y\u00f6netmeli\u011fin dikkat \u00e7eken d\u00fczenlemelerine dair haz\u0131rlanan bilgi notumuza buradan ula\u015fabilirsiniz.[\/vc_column_text][\/vc_column][\/vc_row]<\/p>\n","protected":false},"author":2,"featured_media":0,"comment_status":"closed","ping_status":"closed","sticky":false,"template":"","format":"standard","meta":[],"categories":[1],"tags":[],"_links":{"self":[{"href":"https:\/\/aydinaydin.net\/api\/wp\/v2\/posts\/2915"}],"collection":[{"href":"https:\/\/aydinaydin.net\/api\/wp\/v2\/posts"}],"about":[{"href":"https:\/\/aydinaydin.net\/api\/wp\/v2\/types\/post"}],"author":[{"embeddable":true,"href":"https:\/\/aydinaydin.net\/api\/wp\/v2\/users\/2"}],"replies":[{"embeddable":true,"href":"https:\/\/aydinaydin.net\/api\/wp\/v2\/comments?post=2915"}],"version-history":[{"count":1,"href":"https:\/\/aydinaydin.net\/api\/wp\/v2\/posts\/2915\/revisions"}],"predecessor-version":[{"id":2916,"href":"https:\/\/aydinaydin.net\/api\/wp\/v2\/posts\/2915\/revisions\/2916"}],"wp:attachment":[{"href":"https:\/\/aydinaydin.net\/api\/wp\/v2\/media?parent=2915"}],"wp:term":[{"taxonomy":"category","embeddable":true,"href":"https:\/\/aydinaydin.net\/api\/wp\/v2\/categories?post=2915"},{"taxonomy":"post_tag","embeddable":true,"href":"https:\/\/aydinaydin.net\/api\/wp\/v2\/tags?post=2915"}],"curies":[{"name":"wp","href":"https:\/\/api.w.org\/{rel}","templated":true}]}}