{"id":2917,"date":"2021-11-12T16:32:34","date_gmt":"2021-11-12T13:32:34","guid":{"rendered":"https:\/\/aydinaydin.net\/?p=2917"},"modified":"2022-01-12T12:37:06","modified_gmt":"2022-01-12T09:37:06","slug":"biyometrik-verilerin-islenmesinde-dikkat-edilecek-hususlara-iliskin-rehber","status":"publish","type":"post","link":"https:\/\/aydinaydin.net\/biyometrik-verilerin-islenmesinde-dikkat-edilecek-hususlara-iliskin-rehber\/","title":{"rendered":"Biyometrik Verilerin \u0130\u015flenmesinde Dikkat Edilecek Hususlara \u0130li\u015fkin Rehber"},"content":{"rendered":"<p>[vc_row][vc_column][vc_column_text]Ki\u015fisel Verileri Koruma Kurumu taraf\u0131ndan yay\u0131mlanan \u201cBiyometrik Verilerin \u0130\u015flenmesinde Dikkat Edilecek Hususlara \u0130li\u015fkin Rehber\u201d, biyometrik verinin tan\u0131m\u0131 ve kapsam\u0131n\u0131n, verinin i\u015flenmesine esas al\u0131nacak ilkeler ile al\u0131nmas\u0131 gereken g\u00fcvenlik \u00f6nlemlerinin belirlenmesi noktas\u0131nda \u00f6nem arz etmektedir. Konuya dair haz\u0131rlanan bilgi notumuza <a href=\"https:\/\/aydinaydin.net\/sosyalmedya\/B%C4%B0LG%C4%B0%20NOTU%20-%20Biyometrik%20Verilerin%20%C4%B0%C5%9Flenmesinde%20Dikkat%20Edilecek%20Hususlar%20Hk%20Rehber.pdf\">buradan<\/a> ula\u015fabilirsiniz.[\/vc_column_text][\/vc_column][\/vc_row]<\/p>\n","protected":false},"excerpt":{"rendered":"<p>[vc_row][vc_column][vc_column_text]Ki\u015fisel Verileri Koruma Kurumu taraf\u0131ndan yay\u0131mlanan \u201cBiyometrik Verilerin \u0130\u015flenmesinde Dikkat Edilecek Hususlara \u0130li\u015fkin Rehber\u201d, biyometrik verinin tan\u0131m\u0131 ve kapsam\u0131n\u0131n, verinin i\u015flenmesine esas al\u0131nacak ilkeler ile al\u0131nmas\u0131 gereken g\u00fcvenlik \u00f6nlemlerinin belirlenmesi noktas\u0131nda \u00f6nem arz etmektedir. Konuya dair haz\u0131rlanan bilgi&#8230;<\/p>\n","protected":false},"author":2,"featured_media":0,"comment_status":"closed","ping_status":"closed","sticky":false,"template":"","format":"standard","meta":[],"categories":[1],"tags":[],"_links":{"self":[{"href":"https:\/\/aydinaydin.net\/api\/wp\/v2\/posts\/2917"}],"collection":[{"href":"https:\/\/aydinaydin.net\/api\/wp\/v2\/posts"}],"about":[{"href":"https:\/\/aydinaydin.net\/api\/wp\/v2\/types\/post"}],"author":[{"embeddable":true,"href":"https:\/\/aydinaydin.net\/api\/wp\/v2\/users\/2"}],"replies":[{"embeddable":true,"href":"https:\/\/aydinaydin.net\/api\/wp\/v2\/comments?post=2917"}],"version-history":[{"count":4,"href":"https:\/\/aydinaydin.net\/api\/wp\/v2\/posts\/2917\/revisions"}],"predecessor-version":[{"id":2982,"href":"https:\/\/aydinaydin.net\/api\/wp\/v2\/posts\/2917\/revisions\/2982"}],"wp:attachment":[{"href":"https:\/\/aydinaydin.net\/api\/wp\/v2\/media?parent=2917"}],"wp:term":[{"taxonomy":"category","embeddable":true,"href":"https:\/\/aydinaydin.net\/api\/wp\/v2\/categories?post=2917"},{"taxonomy":"post_tag","embeddable":true,"href":"https:\/\/aydinaydin.net\/api\/wp\/v2\/tags?post=2917"}],"curies":[{"name":"wp","href":"https:\/\/api.w.org\/{rel}","templated":true}]}}