{"id":2978,"date":"2022-01-12T12:37:58","date_gmt":"2022-01-12T09:37:58","guid":{"rendered":"https:\/\/aydinaydin.net\/?p=2978"},"modified":"2022-01-12T12:37:58","modified_gmt":"2022-01-12T09:37:58","slug":"turk-vatandasligi-kanununun-uygulanmasina-iliskin-yonetmelikte-degisiklik","status":"publish","type":"post","link":"https:\/\/aydinaydin.net\/turk-vatandasligi-kanununun-uygulanmasina-iliskin-yonetmelikte-degisiklik\/","title":{"rendered":"T\u00fcrk Vatanda\u015fl\u0131\u011f\u0131 Kanununun Uygulanmas\u0131na \u0130li\u015fkin Y\u00f6netmelikte de\u011fi\u015fiklik.."},"content":{"rendered":"<p>[vc_row][vc_column][vc_column_text]06.01.2022 tarihli Resmi Gazete\u2019 de T\u00fcrk Vatanda\u015fl\u0131\u011f\u0131 Kanununun Uygulanmas\u0131na \u0130li\u015fkin Y\u00f6netmelikte ( \u201cY\u00f6netmelik\u201d ) De\u011fi\u015fiklik Yap\u0131lmas\u0131na Dair Y\u00f6netmelik yay\u0131mland\u0131.Konu ile ilgili bilgi notumuza <a href=\"https:\/\/aydinaydin.net\/sosyalmedya\/T%C3%BCrk%20Vatanda%C5%9Fl%C4%B1%C4%9F%C4%B1%20Kanununun%20Uygulanmas%C4%B1na%20%C4%B0li%C5%9Fkin%20Y%C3%B6netmelikte%20De%C4%9Fi%C5%9Fiklik%20Yap%C4%B1lmas%C4%B1na%20Dair%20Y%C3%B6netmelik.pdf\">buradan<\/a> ula\u015fabilirsiniz.<\/p>\n<p><a href=\"https:\/\/aydinaydin.net\/sosyalmedya\/With%20Regard%20To%20Regulation%20on%20Amendment%20of%20the%20Regulation%20on%20the%20Implementation%20of%20the%20Turkish%20Citizenship%20Law.pdf\"><span class=\"VIiyi\" lang=\"en\"><span class=\"JLqJ4b ChMk0b\" data-language-for-alternatives=\"en\" data-language-to-translate-into=\"tr\" data-phrase-index=\"0\" data-number-of-phrases=\"1\">English supplement<\/span><\/span><\/a>[\/vc_column_text][\/vc_column][\/vc_row]<\/p>\n","protected":false},"excerpt":{"rendered":"<p>[vc_row][vc_column][vc_column_text]06.01.2022 tarihli Resmi Gazete\u2019 de T\u00fcrk Vatanda\u015fl\u0131\u011f\u0131 Kanununun Uygulanmas\u0131na \u0130li\u015fkin Y\u00f6netmelikte ( \u201cY\u00f6netmelik\u201d ) De\u011fi\u015fiklik Yap\u0131lmas\u0131na Dair Y\u00f6netmelik yay\u0131mland\u0131.Konu ile ilgili bilgi notumuza buradan ula\u015fabilirsiniz. English supplement[\/vc_column_text][\/vc_column][\/vc_row]<\/p>\n","protected":false},"author":2,"featured_media":0,"comment_status":"closed","ping_status":"closed","sticky":false,"template":"","format":"standard","meta":[],"categories":[1],"tags":[],"_links":{"self":[{"href":"https:\/\/aydinaydin.net\/api\/wp\/v2\/posts\/2978"}],"collection":[{"href":"https:\/\/aydinaydin.net\/api\/wp\/v2\/posts"}],"about":[{"href":"https:\/\/aydinaydin.net\/api\/wp\/v2\/types\/post"}],"author":[{"embeddable":true,"href":"https:\/\/aydinaydin.net\/api\/wp\/v2\/users\/2"}],"replies":[{"embeddable":true,"href":"https:\/\/aydinaydin.net\/api\/wp\/v2\/comments?post=2978"}],"version-history":[{"count":2,"href":"https:\/\/aydinaydin.net\/api\/wp\/v2\/posts\/2978\/revisions"}],"predecessor-version":[{"id":2983,"href":"https:\/\/aydinaydin.net\/api\/wp\/v2\/posts\/2978\/revisions\/2983"}],"wp:attachment":[{"href":"https:\/\/aydinaydin.net\/api\/wp\/v2\/media?parent=2978"}],"wp:term":[{"taxonomy":"category","embeddable":true,"href":"https:\/\/aydinaydin.net\/api\/wp\/v2\/categories?post=2978"},{"taxonomy":"post_tag","embeddable":true,"href":"https:\/\/aydinaydin.net\/api\/wp\/v2\/tags?post=2978"}],"curies":[{"name":"wp","href":"https:\/\/api.w.org\/{rel}","templated":true}]}}