{"id":3097,"date":"2023-03-06T13:14:16","date_gmt":"2023-03-06T10:14:16","guid":{"rendered":"https:\/\/aydinaydin.net\/?p=3097"},"modified":"2023-03-06T13:14:16","modified_gmt":"2023-03-06T10:14:16","slug":"kamuoyunda-eyt-kanunu-olarak-bilinen-7438-sayili-sosyal-sigortalar","status":"publish","type":"post","link":"https:\/\/aydinaydin.net\/kamuoyunda-eyt-kanunu-olarak-bilinen-7438-sayili-sosyal-sigortalar\/","title":{"rendered":"Kamuoyunda EYT Kanunu olarak bilinen 7438 say\u0131l\u0131 \u201cSosyal Sigortalar&#8230;"},"content":{"rendered":"<p>[vc_row][vc_column][vc_column_text]Kamuoyunda EYT Kanunu olarak bilinen 7438 say\u0131l\u0131 \u201cSosyal Sigortalar ve Genel Sa\u011fl\u0131k Sigortas\u0131 Kanunu ile 375 say\u0131l\u0131 Kanun H\u00fckm\u00fcnde Kararnamede De\u011fi\u015fiklik Yap\u0131lmas\u0131na Dair Kanun\u201d, 03.03.2023 tarih ve 32121 say\u0131l\u0131 Resmi Gazetede yay\u0131mlanarak, ayn\u0131 tarihte y\u00fcr\u00fcrl\u00fc\u011fe girmi\u015ftir.<br \/>\nBu kapsamda;<br \/>\n\uf0d8 08.09.1999 ve \u00f6ncesinde malull\u00fck, ya\u015fl\u0131l\u0131k ve \u00f6l\u00fcm sigortas\u0131 kapsam\u0131nda sigortal\u0131 olanlar ile sigortal\u0131l\u0131\u011f\u0131 bu tarihten \u00f6nceye bor\u00e7lanma suretiyle g\u00f6t\u00fcr\u00fclen sigortal\u0131lar\u0131n ya\u015f ko\u015fulu kald\u0131r\u0131lm\u0131\u015ft\u0131r. B\u00f6ylelikle tabi olduklar\u0131 sosyal g\u00fcvenlik h\u00fck\u00fcmlerine g\u00f6re ya\u015f d\u0131\u015f\u0131ndaki di\u011fer \u015fartlar\u0131 ta\u015f\u0131yanlar, usul\u00fcne uygun ba\u015fvuru halinde emekli ayl\u0131\u011f\u0131ndan yararlanmaya hak kazanm\u0131\u015ft\u0131r.<br \/>\n\uf0d8 Yukar\u0131daki d\u00fczenlemeye g\u00f6re geriye d\u00f6n\u00fck herhangi bir \u00f6deme yap\u0131lmayaca\u011f\u0131 veya d\u00fczenlemenin kapsamda kalan sigortal\u0131ya bu y\u00f6nde bir talep hakk\u0131 bah\u015fetmeyece\u011fi ifade edilmi\u015ftir.<br \/>\n\uf0d8 Ko\u015fulu sa\u011flayan sigortal\u0131lar\u0131n i\u015ften ayr\u0131l\u0131\u015f tarihlerini takip eden 30 g\u00fcn i\u00e7erisinde en son \u00e7al\u0131\u015ft\u0131klar\u0131 \u00f6zel sekt\u00f6r i\u015fyerinde sosyal g\u00fcvenlik destek primine tabi \u00e7al\u0131\u015fmaya ba\u015flamalar\u0131 halinde, sosyal g\u00fcvenlik destek primi i\u015fveren hissesinin be\u015f puanl\u0131k k\u0131sm\u0131na isabet eden tutar\u0131n Hazinece kar\u015f\u0131lanaca\u011f\u0131 d\u00fczenlenmi\u015ftir. Buna kar\u015f\u0131n sosyal g\u00fcvenlik destek primi i\u015fveren hissesi indiriminden yararlan\u0131lan sigortal\u0131n\u0131n i\u015ften ayr\u0131lmas\u0131 halinde, s\u00f6z konusu sigortal\u0131dan dolay\u0131 bu indirimden tekrar yararlan\u0131lamayaca\u011f\u0131 belirtilmi\u015ftir.<br \/>\n\uf0d8 27\/6\/1989 tarihli ve 375 say\u0131l\u0131 Kanun H\u00fckm\u00fcnde Kararnamenin ge\u00e7ici 23 \u00fcnc\u00fc maddesinin be\u015finci f\u0131kras\u0131n\u0131n ikinci c\u00fcmlesi ile ge\u00e7ici 24 \u00fcnc\u00fc maddesinin birinci f\u0131kras\u0131n\u0131n d\u00f6rd\u00fcnc\u00fc c\u00fcmlesi y\u00fcr\u00fcrl\u00fckten kald\u0131r\u0131lm\u0131\u015ft\u0131r. B\u00f6ylelikle ge\u00e7ici 23 ve ge\u00e7ici 24 \u00fcnc\u00fc madde kapsam\u0131ndaki i\u015f\u00e7ilerin(kamu kurumlar\u0131nda ilgili mevzuat do\u011frultusunda personel \u00e7al\u0131\u015ft\u0131r\u0131lmas\u0131na dayal\u0131 hizmet al\u0131m s\u00f6zle\u015fmeleri kapsam\u0131nda y\u00fckleniciler taraf\u0131ndan \u00e7al\u0131\u015ft\u0131r\u0131lan personel) emeklilik, ya\u015fl\u0131l\u0131k veya malull\u00fck ayl\u0131\u011f\u0131 almaya hak kazanmalar\u0131 halinde i\u015f s\u00f6zle\u015fmelerinin zorunlu olarak feshini gerektiren h\u00fck\u00fcmlerin y\u00fcr\u00fcrl\u00fckten kald\u0131r\u0131lmas\u0131, i\u015f s\u00f6zle\u015fmesinin s\u00fcrd\u00fcr\u00fclmesi ya da sona erdirilmesi karar\u0131n\u0131n s\u00f6zle\u015fmenin taraflar\u0131na b\u0131rak\u0131lmas\u0131 sa\u011flanm\u0131\u015ft\u0131r.<br \/>\nSAHIN STREET NO:12 AYDIN PLAZA MALTEPE \/ ISTANBUL \/ TURKIYE<br \/>\nTEL: +90 216 459 8555<br \/>\ninfo@aydinaydin.net www.aydinaydin.net<br \/>\nBundan sonraki s\u00fcre\u00e7te Kanun kapsam\u0131nda kalan aktif 4-a sigortal\u0131lar; emeklili\u011fe hak kazand\u0131klar\u0131n\u0131 tevsik eder kay\u0131tlar ile i\u015f akitlerini emeklilik sebebiyle feshettiklerini bildirir dilek\u00e7elerini i\u015fverenli\u011fe sundu\u011funda, \u00e7\u0131k\u0131\u015f i\u015flemleri \u201c8- Emeklilik(ya\u015fl\u0131l\u0131k) veya toptan \u00f6deme nedeniyle\u201d kodu ile tamamlanacakt\u0131r.<br \/>\nB\u00f6ylelikle i\u015ften ayr\u0131l\u0131\u015f\u0131 verilen ki\u015fi Kuruma m\u00fcracaat ile emekli ayl\u0131\u011f\u0131 tahsisini, bizzat m\u00fcracaat, e-devlet veya posta yoluyla tamamlayabilecektir. Ay sonuna kadar yap\u0131lacak ba\u015fvurularda talep sahibine, takip eden ayba\u015f\u0131ndan itibaren ayl\u0131k ba\u011flanacakt\u0131r.<br \/>\nBilgilerinize sunulur.<br \/>\nSayg\u0131lar\u0131m\u0131zla.<br \/>\n<strong>AYDIN AYDIN AVUKATLIK ORTAKLI\u011eI<\/strong><br \/>\n<strong>\u0130\u015e VE SOSYAL G\u00dcVENL\u0130K HUKUKU DEPARTMANI<\/strong>[\/vc_column_text][\/vc_column][\/vc_row]<\/p>\n","protected":false},"excerpt":{"rendered":"<p>[vc_row][vc_column][vc_column_text]Kamuoyunda EYT Kanunu olarak bilinen 7438 say\u0131l\u0131 \u201cSosyal Sigortalar ve Genel Sa\u011fl\u0131k Sigortas\u0131 Kanunu ile 375 say\u0131l\u0131 Kanun H\u00fckm\u00fcnde Kararnamede De\u011fi\u015fiklik Yap\u0131lmas\u0131na Dair Kanun\u201d, 03.03.2023 tarih ve 32121 say\u0131l\u0131 Resmi Gazetede yay\u0131mlanarak, ayn\u0131 tarihte y\u00fcr\u00fcrl\u00fc\u011fe girmi\u015ftir. Bu kapsamda;&#8230;<\/p>\n","protected":false},"author":2,"featured_media":0,"comment_status":"closed","ping_status":"closed","sticky":false,"template":"","format":"standard","meta":[],"categories":[1],"tags":[],"_links":{"self":[{"href":"https:\/\/aydinaydin.net\/api\/wp\/v2\/posts\/3097"}],"collection":[{"href":"https:\/\/aydinaydin.net\/api\/wp\/v2\/posts"}],"about":[{"href":"https:\/\/aydinaydin.net\/api\/wp\/v2\/types\/post"}],"author":[{"embeddable":true,"href":"https:\/\/aydinaydin.net\/api\/wp\/v2\/users\/2"}],"replies":[{"embeddable":true,"href":"https:\/\/aydinaydin.net\/api\/wp\/v2\/comments?post=3097"}],"version-history":[{"count":1,"href":"https:\/\/aydinaydin.net\/api\/wp\/v2\/posts\/3097\/revisions"}],"predecessor-version":[{"id":3098,"href":"https:\/\/aydinaydin.net\/api\/wp\/v2\/posts\/3097\/revisions\/3098"}],"wp:attachment":[{"href":"https:\/\/aydinaydin.net\/api\/wp\/v2\/media?parent=3097"}],"wp:term":[{"taxonomy":"category","embeddable":true,"href":"https:\/\/aydinaydin.net\/api\/wp\/v2\/categories?post=3097"},{"taxonomy":"post_tag","embeddable":true,"href":"https:\/\/aydinaydin.net\/api\/wp\/v2\/tags?post=3097"}],"curies":[{"name":"wp","href":"https:\/\/api.w.org\/{rel}","templated":true}]}}